{"id":829,"date":"2025-05-07T08:22:46","date_gmt":"2025-05-07T08:22:46","guid":{"rendered":"https:\/\/deutsche-kulturgesellschaft-flensburg.de\/?p=829"},"modified":"2025-05-07T09:19:00","modified_gmt":"2025-05-07T09:19:00","slug":"winter-23-24","status":"publish","type":"post","link":"https:\/\/deutsche-kulturgesellschaft-flensburg.de\/?p=829","title":{"rendered":"Winter 23\/24"},"content":{"rendered":"<h2 class=\"simpletoc-title\">Inhaltsverzeichnis<\/h2>\n<style>html { scroll-behavior: smooth; }<\/style><ul class=\"simpletoc-list\">\n<li><a href=\"#abendvortraege\">Abendvortr\u00e4ge<\/a>\n\n<\/li>\n<li><a href=\"#sophiesminder-nachmittage\">Sophiesminder Nachmittage<\/a>\n\n<\/li>\n<li><a href=\"#musische-nachmittage-im-kloster\">Musische Nachmittage im Kloster<\/a>\n\n<\/li>\n<li><a href=\"#schleswigsche-gespraeche\">Schleswigsche Gespr\u00e4che<\/a>\n\n<\/li>\n<li><a href=\"#mehrtages-kultouren\">Mehrtages Kultouren<\/a>\n<\/li><\/ul>\n\n\n<p><\/p>\n\n\n\n<h2 id=\"abendvortraege\" class=\"wp-block-heading\">Abendvortr\u00e4ge<\/h2>\n\n\n\n<details class=\"wp-block-details is-layout-flow wp-block-details-is-layout-flow\"><summary>Wem geh\u00f6rt(e) die Himmelsscheibe von Nebra?<\/summary>\n<p><strong>Dr. Bernd Zich, Flensburg<\/strong><br><br>1999 im letzten Jahr des vergangenen Jahrhunderts<br>wurde sie gefunden, und sie wurde zum Jahrhundert-,<br>wenn nicht sogar zum Jahrtausendfund: die sog. Himmelsscheibe<br>von Nebra!<br>Seit 2013 steht sie als \u00e4lteste konkrete Darstellung kosmischer<br>Ph\u00e4nomene im Range eines UNESCO-Welterbes.<br>Sie gilt mittlerweile als Objekt der fr\u00fchbronzezeitlichen<br>Aunjetitzer Kultur (2200 \u2013 1550 v. Chr.)<br>Mitteleuropas. Angesichts der Komplexit\u00e4t des mit<br>der Himmelsscheibe dargebotenen astronomischen<br>Wissens und der weiteren Objekte aus dem Nebraer<br>Hortfund \u2013 hochwertige Schwerter, Beile, Mei\u00dfel und<br>Armschmuck \u2013 wird es m\u00f6glich, sie mit einem konkreten,<br>elit\u00e4ren Personenkreis in Verbindung zu bringen.<br>J\u00fcngste und aktuelle Funde aus Sachsen-Anhalt<br>gew\u00e4hren zudem neue und bislang nicht f\u00fcr m\u00f6glich<br>gehaltene Einblicke in die fr\u00fchen Jahrhunderte des<\/p>\n\n\n\n<p>Jahrtausends v. Chr., die heute v\u00f6llig zurecht eine<br>Hochphase der Kulturentwicklung im Herzen Europas<br>und auf deutschem Boden darstellen.<\/p>\n<\/details>\n\n\n\n<details class=\"wp-block-details is-layout-flow wp-block-details-is-layout-flow\"><summary>Von den \u00c4ngsten der Menschen zur Gefahr f\u00fcr die<br>Gesellschaft<\/summary>\n<p>Ein Blick auf die Risikobewertung von<br>Versicherungsunternehmen<br><br><strong>Prof. Dr. Mathias Vetter, Kiel<\/strong><br><strong>In Zusammenarbeit mit der Schleswig-Holsteinischen<br>Universit\u00e4tsgesellschaft<\/strong><br><br>Die Menschen in Deutschland scheuen Risiken. Es gibt<br>Versicherungen f\u00fcr ziemlich alles, mit denen individuelle<br>Risiken gegen Geb\u00fchr kollektiviert werden. Wie<br>das funktioniert und was dabei, etwa mit Blick auf die<br>letzte Finanzkrise, schiefgehen kann, beleuchtet dieser<br>Vortrag.<\/p>\n\n\n\n<p><\/p>\n<\/details>\n\n\n\n<details class=\"wp-block-details is-layout-flow wp-block-details-is-layout-flow\"><summary>Die Ehre des Kaufmanns im Sp\u00e4tmittelalter<\/summary>\n<p><strong>Prof. Dr. Gerhard Fouquet, Kiel<\/strong><br><strong>In Zusammenarbeit mit der Schleswig-Holsteinischen<br>Universit\u00e4tsgesellschaft<\/strong><br><br>Die Vorstellungen der Ehre sind sehr kulturbedingt.<br>Wie wirkt sich \u201eEhre\u201c praktisch aus? Anhand eines<br>Beispiels aus Augsburg wird die Ehrbarkeit eines Kaufmanns,<br>\u00fcberhaupt die Ehre der Mitb\u00fcrger nach den<br>allgemeinen, aber stets auszuhandelnden Normen<br>des gemeinen Nutzens beurteilt. \u201eEhrbar\u201c war nur der<br>Kaufmann, der in der Praxis des Kaufens und Verkaufens<br>den Eigennutz nicht \u00fcber das Wohlergehen der<br>st\u00e4dtischen Gemeinschaft stellte. Kaufleute mit diesem<br>Ethos waren eine besondere Ausnahmeerscheinung.<br>Schlie\u00dflich sind schrankenlose Gier und rastloser Erwerbssinn<br>nicht erst Erscheinungen unserer Zeit.<\/p>\n\n\n\n<p><\/p>\n<\/details>\n\n\n\n<details class=\"wp-block-details is-layout-flow wp-block-details-is-layout-flow\"><summary>Umweltgeschichte Deutschlands, Teil II. Von 1908<br>bis heute<\/summary>\n<p><strong>Prof. Dr. Hans-Rudolf Bork, Kiel<\/strong><br><strong>In Zusammenarbeit mit der Schleswig-Holsteinischen<br>Universit\u00e4tsgesellschaft<\/strong><br><br>Im letzten Winter haben wir den ersten Teil der Umweltgeschichte<br>Deutschlands von den R\u00f6mern bis<br>1908 von Professor Bork geh\u00f6rt. Dieser Vortrag behandelt<br>den zweiten Teil der Umweltgeschichte von 1908<br>bis in die Gegenwart.<br>Kohle und Erd\u00f6l haben erst die Entwicklung der heutigen<br>Gesellschaft erm\u00f6glicht. Sie sind Segen und Fluch<br>zugleich und belasten die Umwelt in ungeahntem<br>Ausma\u00df. Die auf Erd\u00f6l und Kunststoffe beruhende exponentielle<br>Vermehrung des Konsums seit den 1950er<br>Jahren bedingt eine dramatische Zunahme des Rohstoffverbrauchs<br>und oftmals vermeidbare, manchmal<br>skandal\u00f6se Belastungen der Menschen in Deutschland<br>und ihrer Umwelt.<br>Der Referent weist abschlie\u00dfend Wege in eine dauerhaft<br>lebenswerte nachhaltige Zukunft.<\/p>\n\n\n\n<p><\/p>\n<\/details>\n\n\n\n<details class=\"wp-block-details is-layout-flow wp-block-details-is-layout-flow\"><summary>Tee aus Indien<\/summary>\n<p><strong>Prof. Dr. Martin Krieger, Kiel<\/strong><br><br>Tee aus Indien z\u00e4hlt heute zu den beliebtesten Getr\u00e4nken weltweit. Doch das war nicht immer so: Bis<br>vor zweihundert Jahren stammte der Tee, der in den<br>Tassen der Europ\u00e4er dampfte, ausschlie\u00dflich aus<br>China. Wie gelangte die Teepflanze \u00fcberhaupt nach<br>Indien? Was hat der D\u00e4ne Nathaniel Wallich mit<br>dem Teeanbau in Assam zu tun? Welche Bedeutung<br>besitzt das Getr\u00e4nk heute zwischen Ostfriesland<br>und der Ostseek\u00fcste? Diesen Fragen wird in dem<br>Vortrag nachgegangen.<\/p>\n\n\n\n<p><\/p>\n<\/details>\n\n\n\n<details class=\"wp-block-details is-layout-flow wp-block-details-is-layout-flow\"><summary>Der Flensburger K\u00fcnstler Melchior Lorck.<br>Im 16. Jahrhundert faszinieren neue Bilder<br>des Orients das gelehrte Europa<\/summary>\n<p><strong>Prof. Dr. Detlev Kraack, Pl\u00f6n<\/strong><br><br>Im 16. Jahrhundert war Flensburg eine der bedeutendsten Handelsst\u00e4dte des westlichen Ostseeraums. Unter den zahlreichen gelehrten K\u00f6pfen,<br>die diese Stadt w\u00e4hrend dieser Zeit hervorgebracht<br>hat, verdient der K\u00fcnstler Melchior Lorck (um 1527<br>\u2013 nach 1594) besondere Beachtung. Nach Lehrund Wanderjahren, die ihn dank eines Reisestipendiums des d\u00e4nischen K\u00f6nigs bis nach Italien f\u00fchrten, nahm er in den 1550er Jahren an einer habsburgischen Gesandtschaftsreise ins Osmanische<br>Reich teil. Die in diesem Zusammenhang gewonnenen Eindr\u00fccke haben ihn zu beeindruckenden<br>Bilderzyklen inspiriert. Darauf basierende Serien<br>von Kupferstichen vermittelten dem gelehrten Europa eine neue Sicht auf den Orient. Ein bis heute in<br>der Universit\u00e4tsbibliothek Leiden verwahrtes monumentales Panorama Konstantinopels ist Zeugnis eines beeindruckenden k\u00fcnstlerischen Schaffens. Der<br>Vortrag zielt darauf ab, Leben und Wirken Melchior<br>Lorcks vor dem Hintergrund seiner Zeit vorzustellen.<\/p>\n\n\n\n<p><\/p>\n<\/details>\n\n\n\n<details class=\"wp-block-details is-layout-flow wp-block-details-is-layout-flow\"><summary>Der historische Jesus \u2013 Grundprobleme einer<br>historisch-kritischen Sicht auf dem \u201eStifter\u201c einer<br>Weltreligion<\/summary>\n<p><strong>Prof. Dr. Enno Edzard Popkes, Kiel<\/strong><br><strong>In Zusammenarbeit mit der Schleswig-Holsteinischen<br>Universit\u00e4tsgesellschaft<\/strong><br><br>Sei den Anf\u00e4ngen einer historisch-kritischen Erforschung des fr\u00fchen Christentums zog die Frage nach<br>der historischen Gestalt Jesus von Nazareth stets<br>eine besondere Aufmerksamkeit auf sich. Vor dem<br>Hintergrund einer Skizze der Forschungsgeschichte werden in diesem Vortrag die methodischen<br>Grundlagen der modernen Jesusforschung erl\u00e4utert.<br>Ebenso sollen die zentralen Fragen und Probleme<br>benannt werden, welche nach wie vor in den Forschungsdiskursen kontrovers diskutiert werden.<\/p>\n\n\n\n<p><\/p>\n<\/details>\n\n\n\n<details class=\"wp-block-details is-layout-flow wp-block-details-is-layout-flow\"><summary>Was geh\u00f6rt zur Geschichte Russlands?<\/summary>\n<p><strong>Prof. Dr. Ludwig Steindorff<br>In Zusammenarbeit mit der Schleswig-Holsteinischen<br>Universit\u00e4tsgesellschaft<\/strong><br><br>\u00dcber alle Phasen der gegenseitigen Ann\u00e4herung<br>und Abgrenzung hinweg ist die Geschichte Russlands vielfach mit der Geschichte Gesamteuropas<br>verflochten. Wir werden diese Bewegungen durch<br>die Perioden der Geschichte Russlands verfolgen:<br>Von der Zeit der Kiewer Rus, die gleicherma\u00dfen<br>auch der Anfang der Geschichte der Ukraine und<br>von Belarus bildet, \u00fcber das Moskauer Reich zum<br>Imperium der Petersburger \u00c4ra; Russland innerhalb<br>der Sowjetunion; die Russische F\u00f6deration der Gegenwart mit ihrem Gro\u00dfmachtanspruch in Ankn\u00fcpfung an die sowjetische und auch vorrevolution\u00e4re<br>Zeit. Zur historischen Erfahrung Russlands geh\u00f6ren<br>die Entwicklung zum Vielv\u00f6lkerreich und die Dominanz des Staates gegen\u00fcber der Gesellschaft. Der<br>gegenw\u00e4rtige Krieg gegen die Ukraine folgt Denkmustern des Imperiums und des allrussischen Nationalismus aus dem 19. Jahrhundert.<\/p>\n\n\n\n<p><\/p>\n<\/details>\n\n\n\n<p><\/p>\n\n\n\n<h2 id=\"sophiesminder-nachmittage\" class=\"wp-block-heading\">Sophiesminder Nachmittage<\/h2>\n\n\n\n<details class=\"wp-block-details is-layout-flow wp-block-details-is-layout-flow\"><summary>Faszinierendes Kambodscha<\/summary>\n<p><strong>Frank Lubowitz, Flensburg<\/strong><br><br>Das Leben der Menschen in Kambodscha ist einerseits<br>von der gro\u00dfartigen Kultur der Khmer gepr\u00e4gt, die in<br>den Tempelanlagen von Angkor sichtbar wird. Andererseits<br>ist aber das zwischen 1970 und 1975 herrschende<br>Pol-Pot-Regime, die Zeit der \u201eKilling Fields\u201c,<br>immer noch gegenw\u00e4rtig. Zwischen diesen Gegens\u00e4tzen<br>versucht Kambodscha, sich einer auf Tourismus<br>beruhenden Zukunft zu \u00f6ffnen. Wer nach Kambodscha<br>reist, trifft dabei auf freundliche, offene Menschen,<br>die mit buddhistischer Gelassenheit ihren oft sehr beschwerlichen<br>Alltag meistern.<\/p>\n<\/details>\n\n\n\n<details class=\"wp-block-details is-layout-flow wp-block-details-is-layout-flow\"><summary>Brunnen in Flensburg und die Aufgaben des Versch\u00f6nerungsvereins<\/summary>\n<p><strong>Dr. Thomas G\u00e4deke, Flensburg<\/strong><br><br>Der seit 1880 bestehende Versch\u00f6nerungsverein Flensburg<br>e.V. bem\u00fcht sich derzeit erfolgreich um die Instandsetzung<br>der zahlreichen Brunnen in der Stadt.<br>Fernziel ist, auf dem S\u00fcdermarkt einen neuen Brunnen<br>nach K\u00fcnstlerwettbewerb anzuregen, nachdem der<br>Brunnen mit Germania und Bismarck 1937 abgebaut<br>und eingeschmolzen worden war. Die Ansehnlichkeit<br>des Stadtbilds zu f\u00f6rdern sieht der Verein als seine<br>Kernaufgabe und ist dar\u00fcber mit den Verantwortlichen<br>im Gespr\u00e4ch.<\/p>\n\n\n\n<p><\/p>\n<\/details>\n\n\n\n<details class=\"wp-block-details is-layout-flow wp-block-details-is-layout-flow\"><summary>Einstimmung in die Adventszeit \u2013 Vorfreude auf<br>Weihnachten<\/summary>\n<p><strong>Jens Peter M\u00fcller und Gudrun Gie\u00dfler-Petersen<\/strong><br><br>Der Musiker Jens Peter M\u00fcller wird seine Violine<br>und Gitarre mitbringen und uns auf die beginnende<br>Adventszeit einstimmen und zum gemeinsamen<br>Singen einladen. Dazu werden fr\u00f6hliche, besinnliche<br>und ernste Texte vorgetragen. Die Adventszeit<br>zu begehen ist eine Tradition, mit der wir alle gro\u00df<br>geworden sind und mit der wir viele sch\u00f6ne und<br>auch ernste Erinnerungen verbinden. Wir kommen<br>ins Gespr\u00e4ch und erz\u00e4hlen von pers\u00f6nlichen Br\u00e4uchen<br>und Begebenheiten in dieser besonderen Zeit.<\/p>\n\n\n\n<p><\/p>\n<\/details>\n\n\n\n<details class=\"wp-block-details is-layout-flow wp-block-details-is-layout-flow\"><summary>Unbekanntes Pakistan. Ein HNO-Arzt berichtet<br>\u00fcber Politik, Menschen und seine Arbeit.<\/summary>\n<p>Dr. Henning Rasche, Flensburg<br>Mehrfach hat Dr. Rasche Pakistan besucht, um dort<br>in einem kleinen Team schwerh\u00f6rige Kinder mit<br>H\u00f6rger\u00e4ten zu versorgen und Schulprojekte zu unterst\u00fctzen.<br>Trotz des W\u00fcrgegriffs von Islamisten und korrupten<br>Politikern, Klimakatastrophen, Armut und apokalyptischer Bev\u00f6lkerungsexplosion, in dem sich Pakistan<br>befindet, trifft man auch hier auf viele warmherzige<br>und engagierte Menschen. Kann man Pakistan nach<br>diesem Vortrag schon verstehen? Gewiss nicht. Aber<br>der Vortrag bietet die M\u00f6glichkeit, Berichte aus diesem Land aus einem anderen Blickwinkel zu verfolgen.<\/p>\n\n\n\n<p><\/p>\n<\/details>\n\n\n\n<details class=\"wp-block-details is-layout-flow wp-block-details-is-layout-flow\"><summary>Hugo Eckener<\/summary>\n<p><strong>Dieter Nickel, Flensburg<br><\/strong><br>In einem lebendigen Vortrag bringt uns der Referent<br>den ber\u00fchmten Sohn Flensburgs nahe, der vor 100<br>Jahren mit seinem Zeppelin in einer 80-st\u00fcndigen<br>Non-Stopp-Fahrt den Atlantik \u00fcberquert hat und<br>Ehrenb\u00fcrger der St\u00e4dte New York und Flensburg<br>wurde. Dieses Jubil\u00e4um wird sicherlich geb\u00fchrend<br>in der Presse gew\u00fcrdigt werden und schon jetzt bei<br>uns begangen.<\/p>\n\n\n\n<p><\/p>\n<\/details>\n\n\n\n<details class=\"wp-block-details is-layout-flow wp-block-details-is-layout-flow\"><summary>Barocke Impressionen von Sizilien<\/summary>\n<p><strong>Dieter Koppenhagen, Munkbrarup<br><\/strong><br>Begleiten Sie den Vortragenden durch eine uralte<br>Kulturlandschaft, in der u.a. Ph\u00f6nizier, Griechen,<br>R\u00f6mer, Araber, Normannen und Spanier ihre Spuren hinterlassen haben. Die Reiseroute f\u00fchrt von<br>der Hauptstadt Palermo \u00fcber Enna, dem strategischen Inselmittelpunkt nach Syrakus, der antiken<br>Weltstadt. Erleben Sie neben vielen anderen Eindr\u00fccken den sizilianischen Barock auf Ausfl\u00fcgen zu<br>den Sommervillen des palermitanischen Adels, zu<br>den Barockst\u00e4dten im Val di Noto und beim Besuch<br>des urspr\u00fcnglich antiken Bauwerks der Kathedrale<br>von Syrakus. Lassen Sie sich von Sizilien \u00fcberraschen!<\/p>\n\n\n\n<p><\/p>\n<\/details>\n\n\n\n<p><\/p>\n\n\n\n<h2 id=\"musische-nachmittage-im-kloster\" class=\"wp-block-heading\">Musische Nachmittage im Kloster<\/h2>\n\n\n\n<details class=\"wp-block-details is-layout-flow wp-block-details-is-layout-flow\"><summary>Literaturland Flensburger F\u00f6rde<\/summary>\n<p><strong>Prof. Dr. Matthias Bauer, Flensburg<\/strong><br><br>Zu L\u00fcbeck oder Hamburg, zu Husum oder<br>Kopenhagen fallen einem auf Anhieb Dichternamen<br>und Buchtitel ein. Bei Flensburg ist das anders, oder?<br>Keineswegs stellt die F\u00f6rdestadt einen wei\u00dfen Fleck<br>auf der Landkarte der Literatur dar. Der Vortrag ist als<br>Streifzug durch die Literaturgeschichte angelegt und<br>wird darstellen, wie einzelne Orte, Ereignisse oder<br>Personen die sch\u00f6pferische Fantasie angeregt haben,<br>wie sie in Novellen oder Romane, Gedichte oder<br>essayistische Betrachtungen eingegangen sind und<br>welches Bild sie von Flensburg vermitteln.<\/p>\n\n\n\n<p><\/p>\n<\/details>\n\n\n\n<details class=\"wp-block-details is-layout-flow wp-block-details-is-layout-flow\"><summary>J\u00fcdisches Leben und Antisemitismus in Schleswig-<br>Holstein<\/summary>\n<p><strong>Dr. h.c. Gerhard Ulrich, Kiel<\/strong><br><br>Das j\u00fcdische Leben in Schleswig-Holstein geht bis auf<br>das Ende des 16. Jahrhunderts zur\u00fcck.Wie entfaltete<br>sich das j\u00fcdische Leben seitdem und mit welchen<br>Herausforderungen war und ist dieses konfrontiert?<br>F\u00fcr welche aktuellen und zuk\u00fcnftigen Herausforderungen<br>m\u00fcssen L\u00f6sungen gefunden werden und was<br>kann die Gesellschaft f\u00fcr ein sicheres und sichtbares<br>j\u00fcdisches Leben in Schleswig-Holstein leisten?<br>Zu diesen und weiteren Fragen berichtet Herr Dr. h.c.<br>Gerhard Ulrich aus seiner einj\u00e4hrigen Erfahrung als<br>Beauftragter f\u00fcr j\u00fcdisches Leben und gegen Antisemitismus<br>des Landes Schleswig-Holstein.<\/p>\n\n\n\n<p><\/p>\n<\/details>\n\n\n\n<details class=\"wp-block-details is-layout-flow wp-block-details-is-layout-flow\"><summary>Advents-und Weihnachtsbr\u00e4uche, ihre Geschichte<br>und Bedeutung<\/summary>\n<p><strong>Helge Adolphsen, Hamburg<\/strong><br><br>Wir gehen auf eine Entdeckungsreise zum Adventsschmuck,<br>dem Adventsfasten, den Barbarazweigen,<br>zum Strohhalmlegen und zum Adventskranz\u2026 zum<br>Ursprung der Krippenspiele und des Tannenbaumes,<br>der Rauschgoldengel, der tieferen Bedeutung der Geschenke<br>und zu den biblischen Wurzeln des Christfestes.<br>Vortrag und Lesung von Gedichten durch Helge<br>Adolphsen. Lesung von Geschichten durch Dorothea<br>K\u00fchn.<\/p>\n\n\n\n<p><\/p>\n<\/details>\n\n\n\n<details class=\"wp-block-details is-layout-flow wp-block-details-is-layout-flow\"><summary>Medien \u2013 Gesellschaft \u2013 Debattenkultur<\/summary>\n<p><strong>Stefan Richter, Gl\u00fccksburg<\/strong><br><br>Mit der Debattenkultur steht es nicht zum<br>Besten. W\u00e4hrend sich im Internet Hass und<br>Verschw\u00f6rungstheorien breitmachen, w\u00e4chst in<br>der Gesellschaft die Sprachlosigkeit. Im Internet<br>wird kommuniziert wie noch nie, doch emotionale<br>Vereinsamung und soziale Isolation nehmen<br>zu. Dabei ist es gerade in Zeiten tiefgreifender<br>Ver\u00e4nderungen und Krisen wichtig, im Gespr\u00e4ch zu<br>bleiben. Politik, Gesellschaft und nicht zuletzt die<br>Medien sind gefordert.<\/p>\n\n\n\n<p><\/p>\n<\/details>\n\n\n\n<details class=\"wp-block-details is-layout-flow wp-block-details-is-layout-flow\"><summary>Mathematik-Wettbewerbe \u2013 national und international<\/summary>\n<p><strong>Prof. Dr. Uwe Leck, Flensburg<\/strong><br><br>Mathematik polarisiert. Im Vortrag geht es nicht um<br>diejenigen, die \u201ein Mathe immer schlecht waren\u201c,<br>sondern um die gar nicht so wenigen, denen logisches Denken und mathematische Herausforderungen<br>Freude bereiten. Es werden Angebote f\u00fcr mathematisch interessierte und begabte Kinder und Jugendliche vorgestellt. Der Vortrag spannt einen Bogen von<br>nationalen und internationalen Wettbewerben bis hin<br>zu mathematischer Forschung. Unter anderem geht es<br>um die folgenden Fragen: Woher kommen die Aufgaben der Mathematik-Olympiade? Welche Auffassung<br>von Mathematik liegt ihnen zugrunde?<\/p>\n\n\n\n<p><\/p>\n<\/details>\n\n\n\n<details class=\"wp-block-details is-layout-flow wp-block-details-is-layout-flow\"><summary>Wasser, W\u00fcste, Weltwunder \u2013 Eindr\u00fccke einer<br>Jordanienreise<\/summary>\n<p><strong>Dr. Ludwig und Martina P\u00fclschen, Gro\u00dfsolt<\/strong><br><br>Das haschemitische K\u00f6nigreich Jordanien z\u00e4hlt zu<br>den sog. Maschrek-Staaten. Es grenzt an Israel, den<br>im Westjordanland gelegenen Teil der pal\u00e4stinensischen Autonomiegebiete, Syrien, Irak, Saudi-Arabien<br>und im S\u00fcden an das Rote Meer. Dort, am Golf von<br>Akaba hat es zudem eine Seegrenze zu \u00c4gypten. Die<br>seit Jahren bestehenden politischen und wirtschaftlichen Spannungen in dieser Region sind heute aktueller denn je. In dem Vortrag werden jedoch auch<br>Geographie, Klima, Geschichte und Kultur Jordaniens<br>beleuchtet.<\/p>\n\n\n\n<p><\/p>\n<\/details>\n\n\n\n<p><\/p>\n\n\n\n<h2 id=\"schleswigsche-gespraeche\" class=\"wp-block-heading\">Schleswigsche Gespr\u00e4che<\/h2>\n\n\n\n<details class=\"wp-block-details is-layout-flow wp-block-details-is-layout-flow\"><summary>Vor 175 Jahren: Der dramatische Kampf der<br>Schleswig-Holsteiner f\u00fcr Freiheit und eine Verfassung<br>im Sommer und Herbst 1848<\/summary>\n<p><strong>Dr. Martin Rackwitz, Kiel<\/strong><br><br>Im September 1848 verabschiedete das erste demokratisch<br>gew\u00e4hlte Parlament in Schleswig-Holstein<br>das \u201eStaatsgrundgesetz f\u00fcr die Herzogth\u00fcmer Schleswig-<br>Holstein\u201c. Unter st\u00e4rkstem au\u00dfenpolitischem<br>Druck \u2013 D\u00e4nemark und Preu\u00dfen hatten sich kurz zuvor<br>\u00fcber die K\u00f6pfe der Schleswig-Holsteiner hinweg auf<br>einen Waffenstillstand im Krieg geeinigt \u2013 entwickelten<br>die schleswig-holsteinischen Abgeordneten die seinerzeit<br>modernste und liberalste Verfassung in einem<br>deutschen Staat, um so ihre Unabh\u00e4ngigkeit und die<br>demokratischen Errungenschaften der M\u00e4rzrevolution<br>zu sichern. Der Vortrag schildert die dramatische Entstehungsgeschichte<br>dieses revolution\u00e4ren Staatsgrundgesetzes<br>vor dem Hintergrund der Schleswig-Holsteinischen<br>Erhebung gegen D\u00e4nemark und zeigt seine<br>Bedeutung f\u00fcr die Entwicklung der Demokratie in<br>Deutschland.<\/p>\n\n\n\n<p><\/p>\n<\/details>\n\n\n\n<details class=\"wp-block-details is-layout-flow wp-block-details-is-layout-flow\"><summary>Von des D\u00e4nenk\u00f6nigs \u00dcbermut und des Frankenkaisers<br>Burg<\/summary>\n<p><strong>Dr. Thorsten Lemm, Schleswig<\/strong><br><br>In dem Vortrag geht es um die Inbesitznahme Nordelbiens<br>durch die Franken im Jahre 810 und die Erbauung<br>der Burg Esesfelth (bei Itzehoe), die gegen den d\u00e4nischen<br>K\u00f6nig Godfred\/G\u00f6trik gerichtet war. Der Referent<br>stellt die Ergebnisse der Ausgrabungen vor und geht auf<br>die politische Entwicklung dieser Jahre ein, die schlie\u00dflich<br>in einem Konflikt zwischen Franken\/Sachsen auf<br>der einen Seite und den zu der Zeit verb\u00fcndeten D\u00e4nen<br>im Norden und Slawen im Osten m\u00fcndete. Dabei<br>wurde die Burg an der St\u00f6r im Jahre 817 belagert und<br>erfolgreich verteidigt. Das Aussehen dieser fr\u00fchmittelalterlichen<br>Burg und das Geschehen bei ihrer Belagerung<br>l\u00e4sst sich anhand der Ausgrabungsergebnisse rekonstruieren<br>bzw. simulieren.<\/p>\n\n\n\n<p><\/p>\n<\/details>\n\n\n\n<details class=\"wp-block-details is-layout-flow wp-block-details-is-layout-flow\"><summary>Mehrtagesfahrt nach Helsing\u00f8r und Kopenhagen<\/summary>\n<p>Frau Maack bietet im kommenden Sommerprogramm<br>die 2022 ausgefallene KulTour nach D\u00e4nemark erneut<br>an. Da der vorgesehene Termin sehr fr\u00fch im Sommerhalbjahr<br>liegt, weisen wir jetzt schon auf diese Fahrt<br>hin. Entgegen der \u00fcblichen Anmeldezeiten f\u00fcr die<br>KulTouren wird ein Anmeldebogen f\u00fcr diese Fahrt bereits<br>im 2. Winterprogramm mitgeschickt werden.<br>Wir bitten, alle Interessenten, sich diesen Termin bereits<br>jetzt vorzumerken.<\/p>\n\n\n\n<p><\/p>\n<\/details>\n\n\n\n<details class=\"wp-block-details is-layout-flow wp-block-details-is-layout-flow\"><summary>Fahrten zur Staatsoper Hamburg<\/summary>\n<p>In bew\u00e4hrter Kooperation mit dem Verein der Musikfreunde<br>Flensburg bieten wir den Mitgliedern der Deutschen<br>Kulturgesellschaft die M\u00f6glichkeit zum Besuch<br>der Hamburger Staatsoper<\/p>\n\n\n\n<p><\/p>\n<\/details>\n\n\n\n<details class=\"wp-block-details is-layout-flow wp-block-details-is-layout-flow\"><summary>Ballett \u201eOdyssee\u201c von John Neumeier<\/summary>\n<p>John Neumeier wendet sich in dieser Produktion einem<br>der bedeutendsten St\u00fccke der Dichtkunst, Homers<br>Epos \u201eOdyssee\u201c zu. Auf Einladung des Athener Opernund<br>Konzerthauses Megaron hat Neumeier sich 1995<br>mit diesem umfassenden Werk um den Helden Odysseus<br>und seiner abenteuerlichen Reise befasst. Seine<br>t\u00e4nzerische B\u00fchnenfassung sollte so nah wie m\u00f6glich<br>an die Wurzeln des Epos heranreichen und die literarische<br>Vorlage gleichzeitig auf eine Ebene der Bewegung<br>\u00fcbersetzen. Die Musik zu diesem B\u00fchnenwerk<br>schrieb der griechische Komponist George Couroupos.<br>Zum 85. Geburtstag von John Neumeier kehrt dieses<br>monumentale Werk \u00fcber Krieg, Heimatsuche, das Unterwegssein<br>und die Begegnung mit der Fremde zur\u00fcck<br>ins Repertoire der Hamburger Staatsoper.<\/p>\n\n\n\n<p><\/p>\n<\/details>\n\n\n\n<details class=\"wp-block-details is-layout-flow wp-block-details-is-layout-flow\"><summary>Ballett \u201eEpilog\u201c von John Neumeier<\/summary>\n<p>John Neumeier nimmt nach erfolgreichen Jahrzehnten<br>Abschied von seiner B\u00fchne und will mit diesem Epilog<br>sein umfangreiches Werk selbst zusammenfassen und<br>deuten. Mehr als der Titel des Abends ist nicht bekannt.<\/p>\n\n\n\n<p><\/p>\n<\/details>\n\n\n\n<details class=\"wp-block-details is-layout-flow wp-block-details-is-layout-flow\"><summary>Geschichte von Sinti und Roma in SchleswigHolstein im 20. Jahrhundert \u2013 Neue Forschungsergebnisse und Perspektiven<\/summary>\n<p><strong>Dr. Sebastian Lotto-Kusche, Flensburg<\/strong><br><br>Der Vortrag leuchtet die wenigen bekannten Erkenntnisse \u00fcber die Lebensverh\u00e4ltnisse von Sinti und Roma<br>vor 1933 in Schleswig-Holstein und insbesondere die<br>Verfolgung dieser Minderheit in der NS-Zeit in den<br>bekannten Grundz\u00fcgen und anhand biografischer<br>Einzelbeispiele aus. Dar\u00fcber hinaus werden neue<br>Forschungserkenntnisse \u00fcber regionale Verfolgungspraktiken vorgestellt. Auch die Nachgeschichte der<br>Verfolgung, die weitgehend versagten Entsch\u00e4digungen und die sp\u00e4te Aufarbeitung sind Themen des<br>Vortrags. Am Rande werden auch die besonderen<br>Herausforderungen f\u00fcr die regionale Erforschung<br>herausgearbeitet.\u201c<\/p>\n\n\n\n<p><\/p>\n<\/details>\n\n\n\n<details class=\"wp-block-details is-layout-flow wp-block-details-is-layout-flow\"><summary>Von Wegen! \u2013 Ochsenweg oder H\u00e6rvej \u2013<br>ein Altweg in Schleswig<\/summary>\n<p><strong>Dr. Bernd Zich, Flensburg<\/strong><br><br>Die Geschichte des Altweges begann vor mehr als<br>3500 Jahren. Schon in der Bronzezeit (1700 \u2013 500<br>v. Chr.) wurden immense Mengen metallischer Rohstoffe wohl auf einem etablierten Fernweg Richtung<br>Nordeuropa transportiert. Schriftliche Quellen des<br>Mittelalters berichten dann von Kriegsz\u00fcgen, die ihn<br>zum Heerweg machten, aber auch von Pilgerfahrten<br>aus Skandinavien zu den heiligen St\u00e4tten der Christenheit. In Schleswig-Holstein hinterlie\u00dfen die vom<\/p>\n\n\n\n<p>\u2013 19. Jh. aus J\u00fctland stattfindenden Ochsentriften<br>einen namenspr\u00e4genden Eindruck, w\u00e4hrend sich in<br>D\u00e4nemark die Bezeichnung \u201eH\u00e6rvej\u201c etablierte.<br>Der Vortrag beleuchtet die vielschichtigen Aspekte<br>des Altweges und seine n\u00f6rdlich und s\u00fcdlich der<br>Grenze etablierte unterschiedliche Betrachtungsweise.<\/p>\n<\/details>\n\n\n\n<p><\/p>\n\n\n\n<h2 id=\"mehrtages-kultouren\" class=\"wp-block-heading\">Mehrtages Kultouren<\/h2>\n\n\n\n<details class=\"wp-block-details is-layout-flow wp-block-details-is-layout-flow\"><summary>Kunst, Kultur und Natur erleben in Kopenhagen,<br>Helsing\u00f8r und Umgebung<\/summary>\n<p>Kunst, Kultur und Natur in einer atemberaubenden<br>Landschaft am \u00d8resund, Historisches und<br>Modernes verbinden sich zu einem erf\u00fcllenden<br>Ganzen. Die Gutsanlage mit Museumsbesuch<br>von Karen Blixen ist erstes Ziel, zur Einstimmung<br>werden wir dort zum Lunch erwartet mit exquisitem<br>Blick \u00fcber den Park nach Westen und den \u00d8resund<br>und Schweden nach Osten. Unser Hotel in<br>Kopenhagen liegt im Stadtteil Nordhavn.<br>Das weltber\u00fchmte Museum f\u00fcr moderne Kunst<br>Louisiana ist das n\u00e4chste Tagesziel. Ganz in der<br>N\u00e4he liegt Helsing\u00f8r mit seinem Kulturhafen, mit<br>Kronborg, Hamlets Schloss, und dem Maritimen<br>Museum, es wurde zum besten Kulturgeb\u00e4ude der<br>Welt auserkoren.<br>Der dritte Tag ist Kopenhagen vorbehalten mit<br>Stadtbesichtigung und am Abend mit einem<br>Besuch der Neuen Oper, es gibt die Modern<br>Dance Vorstellung \u201eUnder Dybet\u201c. Am Abreisetag<br>werden wir uns auf den interaktiven Wanderweg<br>des Philosophen S\u00f8ren Kierkegaard in Gilleleje<br>begeben.<br>Den Abschluss bildet der Besuch des Arken<br>Museums in Ish\u00f8j, vorrangig mit Ausstellungen von<br>Nachwuchs-K\u00fcnstlern aus Skandinavien.<br>Bitte denken Sie an bequemes Schuhwerk.<\/p>\n<\/details>\n\n\n\n<p><\/p>\n\n\n\n<p><\/p>\n","protected":false},"excerpt":{"rendered":"<p>Abendvortr\u00e4ge Sophiesminder Nachmittage Musische Nachmittage im Kloster Schleswigsche Gespr\u00e4che Mehrtages Kultouren<\/p>\n","protected":false},"author":1,"featured_media":0,"comment_status":"closed","ping_status":"open","sticky":false,"template":"","format":"standard","meta":{"_jetpack_memberships_contains_paid_content":false,"footnotes":""},"categories":[94],"tags":[],"class_list":["post-829","post","type-post","status-publish","format-standard","hentry","category-archiv"],"jetpack_featured_media_url":"","jetpack_sharing_enabled":true,"_links":{"self":[{"href":"https:\/\/deutsche-kulturgesellschaft-flensburg.de\/index.php?rest_route=\/wp\/v2\/posts\/829","targetHints":{"allow":["GET"]}}],"collection":[{"href":"https:\/\/deutsche-kulturgesellschaft-flensburg.de\/index.php?rest_route=\/wp\/v2\/posts"}],"about":[{"href":"https:\/\/deutsche-kulturgesellschaft-flensburg.de\/index.php?rest_route=\/wp\/v2\/types\/post"}],"author":[{"embeddable":true,"href":"https:\/\/deutsche-kulturgesellschaft-flensburg.de\/index.php?rest_route=\/wp\/v2\/users\/1"}],"replies":[{"embeddable":true,"href":"https:\/\/deutsche-kulturgesellschaft-flensburg.de\/index.php?rest_route=%2Fwp%2Fv2%2Fcomments&post=829"}],"version-history":[{"count":2,"href":"https:\/\/deutsche-kulturgesellschaft-flensburg.de\/index.php?rest_route=\/wp\/v2\/posts\/829\/revisions"}],"predecessor-version":[{"id":834,"href":"https:\/\/deutsche-kulturgesellschaft-flensburg.de\/index.php?rest_route=\/wp\/v2\/posts\/829\/revisions\/834"}],"wp:attachment":[{"href":"https:\/\/deutsche-kulturgesellschaft-flensburg.de\/index.php?rest_route=%2Fwp%2Fv2%2Fmedia&parent=829"}],"wp:term":[{"taxonomy":"category","embeddable":true,"href":"https:\/\/deutsche-kulturgesellschaft-flensburg.de\/index.php?rest_route=%2Fwp%2Fv2%2Fcategories&post=829"},{"taxonomy":"post_tag","embeddable":true,"href":"https:\/\/deutsche-kulturgesellschaft-flensburg.de\/index.php?rest_route=%2Fwp%2Fv2%2Ftags&post=829"}],"curies":[{"name":"wp","href":"https:\/\/api.w.org\/{rel}","templated":true}]}}