{"id":705,"date":"2025-04-27T15:59:08","date_gmt":"2025-04-27T15:59:08","guid":{"rendered":"https:\/\/deutsche-kulturgesellschaft-flensburg.de\/?p=705"},"modified":"2025-05-07T08:23:21","modified_gmt":"2025-05-07T08:23:21","slug":"tages-kulturen","status":"publish","type":"post","link":"https:\/\/deutsche-kulturgesellschaft-flensburg.de\/?p=705","title":{"rendered":"TAGES Kultouren"},"content":{"rendered":"<h2 class=\"simpletoc-title\">Inhaltsverzeichnis<\/h2>\n<style>html { scroll-behavior: smooth; }<\/style><ul class=\"simpletoc-list\">\n<li><a href=\"#eine-fahrt-in-die-hamburger-kammeroper\">Eine Fahrt in die Hamburger Kammeroper<\/a>\n\n<\/li>\n<li><a href=\"#fahrt-nach-tondern-und-luegumkloster\">Fahrt nach Tondern und L\u00fcgumkloster<\/a>\n\n<\/li>\n<li><a href=\"#fahrt-zur-nordart-in-buedelsdorf\">Fahrt zur NordArt in B\u00fcdelsdorf<\/a>\n\n<\/li>\n<li><a href=\"#fahrt-zum-multimarwattforum\">Fahrt zum Multimar-Wattforum<\/a>\n\n<\/li>\n<li><a href=\"#fahrt-zum-noldemuseum-seebuell-und-orgelkonzert-inlangenhorn\">Fahrt zum Nolde-Museum Seeb\u00fcll und Orgelkonzert inLangenhorn<\/a>\n\n<\/li>\n<li><a href=\"#fahrt-nach-dithmarschen-und-besuch-des-dithmarscherlandesmuseums-in-meldorf\">Fahrt nach Dithmarschen und Besuch des DithmarscherLandesmuseums in Meldorf<\/a>\n<\/li><\/ul>\n\n\n<p><\/p>\n\n\n\n<h2 id=\"eine-fahrt-in-die-hamburger-kammeroper\" class=\"wp-block-heading\"><strong>Eine Fahrt in die Hamburger Kammeroper<\/strong><\/h2>\n\n\n\n<p><strong>Sonntag<br>18.05.25<\/strong><\/p>\n\n\n\n<p>Leitung: Frank Lubowitz<br>Die Hamburger Kammeroper ist auch in diesem Jahr<br>eines der ersten Ziele der KulTouren der Deutschen<br>Kulturgesellschaft \u2013 viele Mitglieder warten jedes Jahr auf<br>diesen Programmpunkt<br>Als Vorprogramm ist ein Besuch und eine F\u00fchrung \u00fcber<br>den Ohlsdorfer Friedhof in Hamburg vorgesehen. F\u00fcr<br>kurze Wege auf dem Friedhof ist vielleicht vor allem bei<br>den Damen ein anderes Schuhwerk n\u00f6tig als sp\u00e4ter am<br>Abend im Theater.<br>Das Opernerlebnis ist dann wieder \u2013 wie in jedem Jahr<br>\u2013 mit einem Opernmen\u00fc inkl. der Getr\u00e4nke verbunden.<br>Auf dem Programm steht ein f\u00fcr die kleine B\u00fchne der<br>Hamburger Kammeroper adaptierte Fassung von Mozarts<br>\u201eCosi fan tutte\u201c \u2013 man darf gespannt sein.<br>Leistungen: Busfahrt, Besuch und F\u00fchrung des Ohlsdorfer<br>Friedhofs, Operneintritt und Opernmen\u00fc inkl. Getr\u00e4nke,<br>Reiseleitung<\/p>\n\n\n\n<p><br><strong>Abfahrten: Betriebshof Neubauer: 12.00 Uhr,<br>ZOB: 12.15 Uhr<br>R\u00fcckkehr: ca. 24.00 Uhr<br>Preis: 149 Euro<\/strong><\/p>\n\n\n\n<p>_________________________________________________________________________<\/p>\n\n\n\n<p><\/p>\n\n\n\n<h2 id=\"fahrt-nach-tondern-und-luegumkloster\" class=\"wp-block-heading\"><strong>Fahrt nach Tondern und L\u00fcgumkloster<\/strong><\/h2>\n\n\n\n<p><strong>Dienstag<br>27.05.25<\/strong><\/p>\n\n\n\n<p>Leitung: Dr. Knut Franck<br>Die \u00e4lteste Handelsstadt D\u00e4nemarks (1243) besticht durch<br>ihr abwechslungsreiches Stadtbild mit eindrucksvollen<br>Geb\u00e4uden unterschiedlicher Architekturepochen,<br>Auf unserem Stadtrundgang besuchen wir die<br>Christuskirche mit reichhaltigem Inventar aus der<br>Renaissance und eindrucksvollen Epitaphien.<br>Anschlie\u00dfend geht es zum Kaffeetrinken zur\u00fcck nach<br>Deutschland (Neukirchen) und von dort erneut \u00fcber die<br>Grenze nach L\u00fcgumkloster. Das Kloster wurde um 1170<br>von Zisterzienserm\u00f6nchen gebaut. Die Klosterkirche<br>ist eines der sch\u00f6nsten und bedeutungsvollsten<br>Kirchengeb\u00e4ude des mittelalterlichen D\u00e4nemarks.<br>Leistungen: Busfahrt, Kaffeegedeck, Reiseleitung.<\/p>\n\n\n\n<p><br><strong>Abfahrten: Betriebshof Neubauer: 11.30 Uhr,<br>ZOB: 11.45 Uhr<br>R\u00fcckkehr: 20:00 Uhr<br>Preis: 53,00 Euro<\/strong><\/p>\n\n\n\n<p>_________________________________________________________________________<\/p>\n\n\n\n<p><\/p>\n\n\n\n<h2 id=\"fahrt-zur-nordart-in-buedelsdorf\" class=\"wp-block-heading\">Fahrt zur NordArt in B\u00fcdelsdorf<\/h2>\n\n\n\n<p><strong>Freitag<br>20.06.25<\/strong><\/p>\n\n\n\n<p>Leitung: Helga Sorgalla<br>Auf dem Gel\u00e4nde der historischen Eisengie\u00dferei<br>Carlsh\u00fctte findet die 26. NordArt statt. Sie ist eine<br>der gr\u00f6\u00dften j\u00e4hrlichen Ausstellungen in Europa<br>mit ausgew\u00e4hlten Werken von 200 K\u00fcnstlern und<br>K\u00fcnstlerinnen, die gemeinsam die Geschichte der<br>Zeit erz\u00e4hlen. Fokus der NordArt 2025 ist in diesem<br>Jahr &#8211; JAPAN \u201eDO\/dat_code\u201c. DO ist ein Schl\u00fcssel zur<br>japanischen Kultur, ein T\u00fcr\u00f6ffner, ein erster Einblick.<br>Das Projekt ist eine Kooperation mit dem Deutschen<br>Japanmuseum Schloss Mitsuko und Raum f\u00fcr Raum<br>D\u00fcsseldorf.<br>Die Kunsthistorikerin Almut Rix wird uns durch die<br>Ausstellung f\u00fchren. Danach bleibt noch gen\u00fcgend<br>Zeit, auf eigene Erkundungen zu gehen oder auch<br>das Eisenkunstgussmuseum mit dem Kombiticket zu<br>besuchen.<\/p>\n\n\n\n<p><br><strong>Leistungen: Busfahrt, Eintritt, F\u00fchrung, Kaffee, Reiseleitung<br>Abfahrten: Betriebshof Neubauer: 9.15 Uhr<\/strong><br><strong>ZOB: 9.30 Uhr<br>R\u00fcckkehr: ca. 18.30 Uhr<br>Preis: 79,00 \u20ac<\/strong><\/p>\n\n\n\n<p>_________________________________________________________________________<\/p>\n\n\n\n<p><\/p>\n\n\n\n<h2 id=\"fahrt-zum-multimarwattforum\" class=\"wp-block-heading\">Fahrt zum Multimar-Wattforum<\/h2>\n\n\n\n<p><strong>Montag<br>14.07.25<\/strong><\/p>\n\n\n\n<p>Leitung: Gilda Friede<br>Eine fachkundige F\u00fchrung vermittelt einen interessanten<br>\u00dcberblick und viele Fakten zum Lebensraum<br>Wattenmeer. Danach bleibt viel Zeit, die verschiedenen<br>Ausstellungsbereiche mit den Aquarien, die<br>Walausstellung sowie die erst 2023 neu er\u00f6ffnete 2000<br>qm gro\u00dfe Freianlage f\u00fcr Fischotter selbst zu erkunden.<br>Das Mittagessen nehmen wir im Wattforum ein.<br>Am Nachmittag ist ein Kaffeetrinken im Herrenhaus<br>Hoyerswort vorgesehen.<\/p>\n\n\n\n<p><br><strong>Leistungen: Busfahrt, Eintritt und F\u00fchrung im Multimar<br>Wattforum, Mittagessen, Kaffeegedeck, Reiseleitung.<br>Abfahrten: Betriebshof Neubauer: 09.00 Uhr<br>ZOB: 09.15 Uhr<br>R\u00fcckkehr: ca. 18:30 Uhr<br>Preis: 69,50 Euro<\/strong><\/p>\n\n\n\n<p>_________________________________________________________________________<\/p>\n\n\n\n<p><\/p>\n\n\n\n<h2 id=\"fahrt-zum-noldemuseum-seebuell-und-orgelkonzert-inlangenhorn\" class=\"wp-block-heading\">Fahrt zum Nolde-Museum Seeb\u00fcll und Orgelkonzert in<br>Langenhorn<\/h2>\n\n\n\n<p><strong>Dienstag<br>29.07.25<\/strong><\/p>\n\n\n\n<p>Leitung: Gilda Friede<br>Es ist eine lange Tradition, die unser langj\u00e4hriger<br>Schatzmeister Harr Trapp begr\u00fcndet hat und die jetzt<br>von unserer fr\u00fcheren Gesch\u00e4ftsf\u00fchrerin fortgesetzt wird,<br>die jeweils aktuelle Ausstellung im Nolde-Museum zu<br>besuchen und anschlie\u00dfend nach einem Abendessen zu<br>einem Konzert des Langenhorner Orgelsommers in der St.<br>Laurentius-Kirche zu fahren. Es spielt Daniel Zaretzky, St.<br>Petersburg, an der historischen Busch-Paschen-Orgel.<br><\/p>\n\n\n\n<p><strong>Leistungen: Busfahrt, Eintritt und F\u00fchrung im<br>Nolde-Museum, Abendessen, Orgelkonzert.<br>Abfahrten: Betriebshof Neubauer: 12.15 Uhr<br>ZOB: 12.30 Uhr<br>R\u00fcckkehr: ca. 22.00 Uhr<br>Preis: 90,00 \u20ac<\/strong><\/p>\n\n\n\n<p>_________________________________________________________________________<\/p>\n\n\n\n<p><\/p>\n\n\n\n<h2 id=\"fahrt-nach-dithmarschen-und-besuch-des-dithmarscherlandesmuseums-in-meldorf\" class=\"wp-block-heading\">Fahrt nach Dithmarschen und Besuch des Dithmarscher<br>Landesmuseums in Meldorf<\/h2>\n\n\n\n<p><strong>Donnerstag<br>28.08.25<\/strong><\/p>\n\n\n\n<p>Leitung: Frank Lubowitz<br>Im Rahmen der schleswig-holsteinischen Geschichte<br>nimmt Dithmarschen eine Sonderstellung ein. Als freie<br>Bauernrepublik konnte es sich das gesamte Mittelalter<br>hindurch seine Unabh\u00e4ngigkeit gegen die Schauenburger<br>und sp\u00e4ter die Oldenburger Herrscher in ihrer<br>Nachbarschaft erhalten, ehe die Dithmarscher Freiheit in<br>der \u201eletzten Fehde\u201c 1559 unterging.<br>Das vor wenigen Jahren neu gestaltete Dithmarscher<br>Landesmuseum in Meldorf zeigt sowohl diese Geschichte<br>als auch die Entwicklung Dithmarschens in den folgenden<br>Jahrhunderten bis in die 1960er Jahre.<br>Nach dem Besuch des Museums mit F\u00fchrung und einem<br>gemeinsamen Mittagessen steht ein Stadtrundgang in<br>Meldorf mit dem Besuch des Meldorfer Doms auf dem<br>Programm.<\/p>\n\n\n\n<p><br><strong>Leistungen: Busfahrt, Museumsbesuch, Mittagessen,<br>Stadtrundgang Meldorf, Reiseleitung<br>Abfahrten: Betriebshof Neubauer 08.00 Uhr<br>ZOB: 08.15 Uhr<br>R\u00fcckkehr in Flensburg ca. 18.30 Uhr<br>Preis 98,50 \u20ac<\/strong><\/p>\n\n\n\n<p>_________________________________________________________________________<\/p>\n\n\n\n<p><\/p>\n","protected":false},"excerpt":{"rendered":"<p>Eine Fahrt in die Hamburger Kammeroper Sonntag18.05.25 Leitung: Frank LubowitzDie Hamburger Kammeroper ist auch in diesem Jahreines der ersten Ziele der KulTouren der DeutschenKulturgesellschaft \u2013 viele Mitglieder warten jedes Jahr aufdiesen ProgrammpunktAls Vorprogramm ist ein Besuch und eine F\u00fchrung \u00fcberden Ohlsdorfer Friedhof in Hamburg vorgesehen. F\u00fcrkurze Wege auf dem Friedhof ist vielleicht vor allem beiden [&hellip;]<\/p>\n","protected":false},"author":1,"featured_media":0,"comment_status":"closed","ping_status":"open","sticky":false,"template":"","format":"standard","meta":{"_jetpack_memberships_contains_paid_content":false,"footnotes":""},"categories":[3,29],"tags":[],"class_list":["post-705","post","type-post","status-publish","format-standard","hentry","category-programm","category-tages-kultouren"],"jetpack_featured_media_url":"","jetpack_sharing_enabled":true,"_links":{"self":[{"href":"https:\/\/deutsche-kulturgesellschaft-flensburg.de\/index.php?rest_route=\/wp\/v2\/posts\/705","targetHints":{"allow":["GET"]}}],"collection":[{"href":"https:\/\/deutsche-kulturgesellschaft-flensburg.de\/index.php?rest_route=\/wp\/v2\/posts"}],"about":[{"href":"https:\/\/deutsche-kulturgesellschaft-flensburg.de\/index.php?rest_route=\/wp\/v2\/types\/post"}],"author":[{"embeddable":true,"href":"https:\/\/deutsche-kulturgesellschaft-flensburg.de\/index.php?rest_route=\/wp\/v2\/users\/1"}],"replies":[{"embeddable":true,"href":"https:\/\/deutsche-kulturgesellschaft-flensburg.de\/index.php?rest_route=%2Fwp%2Fv2%2Fcomments&post=705"}],"version-history":[{"count":4,"href":"https:\/\/deutsche-kulturgesellschaft-flensburg.de\/index.php?rest_route=\/wp\/v2\/posts\/705\/revisions"}],"predecessor-version":[{"id":831,"href":"https:\/\/deutsche-kulturgesellschaft-flensburg.de\/index.php?rest_route=\/wp\/v2\/posts\/705\/revisions\/831"}],"wp:attachment":[{"href":"https:\/\/deutsche-kulturgesellschaft-flensburg.de\/index.php?rest_route=%2Fwp%2Fv2%2Fmedia&parent=705"}],"wp:term":[{"taxonomy":"category","embeddable":true,"href":"https:\/\/deutsche-kulturgesellschaft-flensburg.de\/index.php?rest_route=%2Fwp%2Fv2%2Fcategories&post=705"},{"taxonomy":"post_tag","embeddable":true,"href":"https:\/\/deutsche-kulturgesellschaft-flensburg.de\/index.php?rest_route=%2Fwp%2Fv2%2Ftags&post=705"}],"curies":[{"name":"wp","href":"https:\/\/api.w.org\/{rel}","templated":true}]}}