{"id":646,"date":"2024-08-17T17:37:08","date_gmt":"2024-08-17T17:37:08","guid":{"rendered":"https:\/\/deutsche-kulturgesellschaft-flensburg.de\/?p=646"},"modified":"2025-04-27T18:23:56","modified_gmt":"2025-04-27T18:23:56","slug":"willkommen","status":"publish","type":"post","link":"https:\/\/deutsche-kulturgesellschaft-flensburg.de\/?p=646","title":{"rendered":"Vorwort"},"content":{"rendered":"\n<p><strong>Liebe Mitglieder und Freunde der Deutschen<br>Kulturgesellschaft Flensburg,<\/strong><\/p>\n\n\n\n<p>heute halten Sie das Sommerprogramm 2025 in den<br>H\u00e4nden. Wir haben f\u00fcr dieses Jahr ein reichhaltiges<br>Programm mit zwei Mehrtagesfahrten, sechs<br>Tages-KulTouren und vier Halbtages-KulTouren<br>zusammengestellt, wobei die Abgrenzung zwischen<br>Tages- und Halbtagesfahrten etwas variabel ist. Alle<br>Veranstaltungen unter sechs Stunden haben wir<br>als Halbtagesfahrten gez\u00e4hlt, obgleich auch diese<br>KulTouren ein volles Programm bieten.<br>Besonders freuen wir uns, dass unsere ehemalige<br>Gesch\u00e4ftsf\u00fchrerin Gilda Friede nunmehr als<br>Fahrtenleiterin zwei KulTouren im Juli \u00fcbernommen hat,<br>und dabei auch die beliebte Fahrt zum Noldemuseum<br>in Seeb\u00fcll mit anschlie\u00dfendem Konzert in der St.<br>Laurentius-Kirche in Langenhorn wieder aufgenommen<br>hat. \u00dcber viele Jahre war diese Fahrt von unserem<br>langj\u00e4hrigen Schatzmeister Horst Trapp begleitet<br>worden.<\/p>\n\n\n\n<p><br>Unsere Schatzmeisterin Helga Sorgalla bietet in diesem<br>Jahr, nachdem sie 2024 zwei KulTouren von unserer<br>vielseitig engagierten und dann leider erkrankten Regina<br>Maack \u00fcbernommen hatte, zwei KulTouren an, wobei<br>die Fahrt zur NordArt in Rendsburg auch bereits eine<br>Tradition hat.<\/p>\n\n\n\n<p><br>Wir freuen uns, den Mitgliedern die in diesem<br>Sommerprogramm angek\u00fcndigten KulTouren bei der<br>Mitgliederversammlung am Mittwoch, 2. April 2025<br>vorstellen zu k\u00f6nnen und hoffen auf Ihr Interesse und<br>rege Teilnahme an der Versammlung \u2013 sowie nat\u00fcrlich<br>auch auf guten Zuspruch zu unserem Angebot 2025!<\/p>\n","protected":false},"excerpt":{"rendered":"<p>Liebe Mitglieder und Freunde der DeutschenKulturgesellschaft Flensburg, heute halten Sie das Sommerprogramm 2025 in denH\u00e4nden. Wir haben f\u00fcr dieses Jahr ein reichhaltigesProgramm mit zwei Mehrtagesfahrten, sechsTages-KulTouren und vier Halbtages-KulTourenzusammengestellt, wobei die Abgrenzung zwischenTages- und Halbtagesfahrten etwas variabel ist. AlleVeranstaltungen unter sechs Stunden haben wirals Halbtagesfahrten gez\u00e4hlt, obgleich auch dieseKulTouren ein volles Programm bieten.Besonders freuen wir [&hellip;]<\/p>\n","protected":false},"author":1,"featured_media":0,"comment_status":"closed","ping_status":"open","sticky":false,"template":"","format":"standard","meta":{"_jetpack_memberships_contains_paid_content":false,"footnotes":""},"categories":[94],"tags":[],"class_list":["post-646","post","type-post","status-publish","format-standard","hentry","category-archiv"],"jetpack_featured_media_url":"","jetpack_sharing_enabled":true,"_links":{"self":[{"href":"https:\/\/deutsche-kulturgesellschaft-flensburg.de\/index.php?rest_route=\/wp\/v2\/posts\/646","targetHints":{"allow":["GET"]}}],"collection":[{"href":"https:\/\/deutsche-kulturgesellschaft-flensburg.de\/index.php?rest_route=\/wp\/v2\/posts"}],"about":[{"href":"https:\/\/deutsche-kulturgesellschaft-flensburg.de\/index.php?rest_route=\/wp\/v2\/types\/post"}],"author":[{"embeddable":true,"href":"https:\/\/deutsche-kulturgesellschaft-flensburg.de\/index.php?rest_route=\/wp\/v2\/users\/1"}],"replies":[{"embeddable":true,"href":"https:\/\/deutsche-kulturgesellschaft-flensburg.de\/index.php?rest_route=%2Fwp%2Fv2%2Fcomments&post=646"}],"version-history":[{"count":3,"href":"https:\/\/deutsche-kulturgesellschaft-flensburg.de\/index.php?rest_route=\/wp\/v2\/posts\/646\/revisions"}],"predecessor-version":[{"id":750,"href":"https:\/\/deutsche-kulturgesellschaft-flensburg.de\/index.php?rest_route=\/wp\/v2\/posts\/646\/revisions\/750"}],"wp:attachment":[{"href":"https:\/\/deutsche-kulturgesellschaft-flensburg.de\/index.php?rest_route=%2Fwp%2Fv2%2Fmedia&parent=646"}],"wp:term":[{"taxonomy":"category","embeddable":true,"href":"https:\/\/deutsche-kulturgesellschaft-flensburg.de\/index.php?rest_route=%2Fwp%2Fv2%2Fcategories&post=646"},{"taxonomy":"post_tag","embeddable":true,"href":"https:\/\/deutsche-kulturgesellschaft-flensburg.de\/index.php?rest_route=%2Fwp%2Fv2%2Ftags&post=646"}],"curies":[{"name":"wp","href":"https:\/\/api.w.org\/{rel}","templated":true}]}}